{"id":24,"date":"2015-01-22T16:06:46","date_gmt":"2015-01-22T16:06:46","guid":{"rendered":"http:\/\/www.violenciaobstetrica.libertar.org\/?p=24"},"modified":"2015-01-22T16:06:46","modified_gmt":"2015-01-22T16:06:46","slug":"violencia-obstetrica-nos-16-dias-de-ativismo-pelo-fim-a-violencia-contra-a-mulher","status":"publish","type":"post","link":"http:\/\/www.violenciaobstetrica.libertar.org\/?p=24","title":{"rendered":"Viol\u00eancia Obst\u00e9trica nos 16 dias de ativismo: pelo fim a viol\u00eancia contra a mulher!"},"content":{"rendered":"<p>Quinta feira, dia 20 de novembro inicia em Florian\u00f3polis, os 16 dias de ativismo: pelo fim da viol\u00eancia contra a mulher.<\/p>\n<p><a href=\"http:\/\/www.violenciaobstetrica.libertar.org\/wp-content\/uploads\/2015\/01\/16-ias.jpg\"><img loading=\"lazy\" decoding=\"async\" class=\"aligncenter size-medium wp-image-25\" src=\"http:\/\/www.violenciaobstetrica.libertar.org\/wp-content\/uploads\/2015\/01\/16-ias-300x128.jpg\" alt=\"16 ias\" width=\"300\" height=\"128\" srcset=\"http:\/\/www.violenciaobstetrica.libertar.org\/wp-content\/uploads\/2015\/01\/16-ias-300x128.jpg 300w, http:\/\/www.violenciaobstetrica.libertar.org\/wp-content\/uploads\/2015\/01\/16-ias.jpg 960w\" sizes=\"auto, (max-width: 300px) 100vw, 300px\" \/><\/a><\/p>\n<p>Com uma parceria firmada por Gisele Corr\u00eaa e Mariana Andrade com a Secretaria de Habita\u00e7\u00e3o e Saneamento da Prefeitura de Florian\u00f3polis, o assunto viol\u00eancia obst\u00e9trica ser\u00e1 levado a um p\u00fablico diferenciado. A ades\u00e3o de profissionais nessa causa foi fundamental para que essa parceria fosse um sucesso! Confira abaixo a nossa programa\u00e7\u00e3o nas comunidades:<\/p>\n<p><b>20\/11\/14\u00a0<\/b>(quinta feira)<br \/>\nLocalidade:<b>Alto da Caiera<\/b><br \/>\nEndere\u00e7o:\u00a0Servid\u00e3o da Felicidade \u2013 Recicla Floripa (no galp\u00e3o do centro de reciclagem<br \/>\nHor\u00e1rio:\u00a0<b>15:30 horas<\/b><br \/>\nProfissional: <b>Juliana Souza<\/b> &#8211;\u00a0Formada em Educa\u00e7\u00e3o F\u00edsica pela UFSC 2011. Professora de Hatha Yoga e Pilates. Doula pelo GAMA em 2014<\/p>\n<p><b>20\/11\/14\u00a0<\/b>(quinta feira)<br \/>\nLocalidade:\u00a0Penitenci\u00e1ria\u00a0(Agron\u00f4mica)<br \/>\nEndere\u00e7o:Igreja Cat\u00f3lica Nossa Senhora Aparecida<br \/>\nHor\u00e1rio:<b>19:30\u00a0<\/b><b>\u00a0horas<\/b><br \/>\nProfissional:\u00a0<b>Gerusa Santini<\/b>. Fisioterapeuta. Doula e educadora perinatal certificada pela Matriusca Bem estar das mulheres em todos os ciclos de vida; Volunt\u00e1ria no Gestar &#8211; Grupo de Apoio \u00e0 gestante; Ativista no movimento pela humaniza\u00e7\u00e3o do parto e nascimento.<\/p>\n<p><b>25\/11\/14\u00a0<\/b>(ter\u00e7a feira)<br \/>\nLocalidade:<b>Serrinha<\/b><br \/>\nEndere\u00e7o:\u00a0Casa S\u00e3o Jose &#8211;\u00a0Marcus Aur\u00e9lio Homem, 366 &#8211;\u00a0Hor\u00e1rio:\u00a0<b>19:30\u00a0<\/b><b>\u00a0horas<\/b><br \/>\nProfissional:\u00a0<b>Celina Lazzari<\/b> &#8211; Doula e Educadora Perinatal formada pela Matriusca &#8211;\u00a0Psic\u00f3loga e Bacharel em Psicologia formada na Universidade Federal de Santa Catarina. Mestre em Psicologia pela Universidade Federal de Santa Catarina. Trabalha como Doula e Psic\u00f3loga Cl\u00ednica.<\/p>\n<div><b>Camila Lazzari\u00a0Trentini <\/b>&#8211; bacharel em direito e ativista pela humaniza\u00e7\u00e3o do parto e nascimento.<\/div>\n<div>\n<b>27\/11<\/b> (quinta feira)<br \/>\nLocalidade: <b>Morro do 25<\/b> (centro de Floripa)<br \/>\nEndere\u00e7o:\u00a0Sal\u00e3o da Igreja<br \/>\nHor\u00e1rio:\u00a0<b>19:00\u00a0<\/b><b>\u00a0horas<\/b><br \/>\nProfissional:\u00a0<b>Karine Kerr <\/b>&#8211; ativista pelo direito das mulheres.<\/p>\n<p><b>01\/12<\/b> (segunda feira)<br \/>\nLocalidade:<b>Queimada e Jagat\u00e1<\/b><br \/>\nEndere\u00e7o:\u00a0Igreja S\u00e3o Sebasti\u00e3o<br \/>\nHor\u00e1rio:\u00a0<b>19:00\u00a0<\/b><b>\u00a0horas<\/b><br \/>\nProfissional:\u00a0Marina Toledo<b>\u00a0<\/b>&#8211;\u00a0doula e educadora perinatal formada pela Matriusca &#8211; Bem estar das mulheres em todos os ciclos de vida; Volunt\u00e1ria no Gestar &#8211; Grupo de Apoio \u00e0 gestante; Ativista no movimento pela humaniza\u00e7\u00e3o do parto e nascimento.Volunt\u00e1ria no Grupo Mulheres no Alpha. Ativista no movimento pela humaniza\u00e7\u00e3o do parto e nascimento. Realiza pintura art\u00edstica na barriga da gestante.<br \/>\n<b><br \/>\n<\/b>\u00a0<b>02\/12<\/b> (ter\u00e7a feira)<br \/>\nLocalidade:\u00a0<b>Monte Serrat<\/b> (centro, atr\u00e1s da escola T\u00e9cnica)<br \/>\nEndere\u00e7o:\u00a0Centro Cultural Escrava Anast\u00e1cia<br \/>\nHor\u00e1rio:\u00a0<b>19:30<\/b>\u00a0<b>\u00a0horas<\/b><br \/>\nProfissional:\u00a0<b>Maysa Vicente<\/b> &#8211;\u00a0Doula e Educadora Perinatal pela Matriusca em associa\u00e7\u00e3o com a Rehuna; T\u00e9cnica em Enfermagem na Unidade de Pronto Atendimento do Sul da Ilha pela PMF , Volunt\u00e1ria no Gestar &#8211; Grupo de Apoio \u00e0 gestante; Ativista no movimento pela humaniza\u00e7\u00e3o do parto e nascimento.<\/p>\n<div><b>Maiores informa\u00e7\u00f5es no FB da Coordenadoria da Mulher nesse link \u00a0<a href=\"https:\/\/www.facebook.com\/pages\/Coordenadoria-da-Mulher-de-Florian%C3%B3polis\/1437304883204527?fref=photo\">aqui<\/a><\/b><\/div>\n<\/div>\n","protected":false},"excerpt":{"rendered":"<p>Quinta feira, dia 20 de novembro inicia em Florian\u00f3polis, os 16 dias de ativismo: pelo fim da viol\u00eancia contra a mulher. Com uma parceria firmada por Gisele Corr\u00eaa e Mariana Andrade com a Secretaria de Habita\u00e7\u00e3o e Saneamento da Prefeitura de Florian\u00f3polis, o assunto viol\u00eancia obst\u00e9trica ser\u00e1 levado a um p\u00fablico diferenciado. A ades\u00e3o de &hellip; <a href=\"http:\/\/www.violenciaobstetrica.libertar.org\/?p=24\" class=\"more-link\">Continuar lendo <span class=\"screen-reader-text\">Viol\u00eancia Obst\u00e9trica nos 16 dias de ativismo: pelo fim a viol\u00eancia contra a mulher!<\/span><\/a><\/p>\n","protected":false},"author":2,"featured_media":0,"comment_status":"open","ping_status":"open","sticky":false,"template":"","format":"standard","meta":{"footnotes":""},"categories":[4],"tags":[],"class_list":["post-24","post","type-post","status-publish","format-standard","hentry","category-16-dias-de-ativismo-pelo-fim-da-violencia-contra-a-mulher"],"_links":{"self":[{"href":"http:\/\/www.violenciaobstetrica.libertar.org\/index.php?rest_route=\/wp\/v2\/posts\/24","targetHints":{"allow":["GET"]}}],"collection":[{"href":"http:\/\/www.violenciaobstetrica.libertar.org\/index.php?rest_route=\/wp\/v2\/posts"}],"about":[{"href":"http:\/\/www.violenciaobstetrica.libertar.org\/index.php?rest_route=\/wp\/v2\/types\/post"}],"author":[{"embeddable":true,"href":"http:\/\/www.violenciaobstetrica.libertar.org\/index.php?rest_route=\/wp\/v2\/users\/2"}],"replies":[{"embeddable":true,"href":"http:\/\/www.violenciaobstetrica.libertar.org\/index.php?rest_route=%2Fwp%2Fv2%2Fcomments&post=24"}],"version-history":[{"count":1,"href":"http:\/\/www.violenciaobstetrica.libertar.org\/index.php?rest_route=\/wp\/v2\/posts\/24\/revisions"}],"predecessor-version":[{"id":26,"href":"http:\/\/www.violenciaobstetrica.libertar.org\/index.php?rest_route=\/wp\/v2\/posts\/24\/revisions\/26"}],"wp:attachment":[{"href":"http:\/\/www.violenciaobstetrica.libertar.org\/index.php?rest_route=%2Fwp%2Fv2%2Fmedia&parent=24"}],"wp:term":[{"taxonomy":"category","embeddable":true,"href":"http:\/\/www.violenciaobstetrica.libertar.org\/index.php?rest_route=%2Fwp%2Fv2%2Fcategories&post=24"},{"taxonomy":"post_tag","embeddable":true,"href":"http:\/\/www.violenciaobstetrica.libertar.org\/index.php?rest_route=%2Fwp%2Fv2%2Ftags&post=24"}],"curies":[{"name":"wp","href":"https:\/\/api.w.org\/{rel}","templated":true}]}}